{"id":2439,"date":"2021-11-13T18:27:22","date_gmt":"2021-11-13T17:27:22","guid":{"rendered":"https:\/\/ansoraahautenormandie.fr\/?p=2439"},"modified":"2021-11-13T18:27:22","modified_gmt":"2021-11-13T17:27:22","slug":"visite-virtuelle-de-la-base-aerienne-105-commandant-viot","status":"publish","type":"post","link":"https:\/\/ansoraaenormandie.fr\/?p=2439","title":{"rendered":"Visite virtuelle de la Base a\u00e9rienne 105 Commandant Viot"},"content":{"rendered":"\n<p>La ville d&rsquo;Evreux avec la Base a\u00e9rienne\u00a0105 a cr\u00e9\u00e9 une exposition digitale sur le th\u00e8me : Evreux &#8211; Terre d&rsquo;a\u00e9ronautique.\u00a0<\/p>\n\n\n\n<p>Cliquez sur ce lien: <a rel=\"noreferrer noopener\" href=\"https:\/\/www.evreux-aeronautique.fr\/\" target=\"_blank\">https:\/\/www.evreux-aeronautique.fr<\/a><\/p>\n","protected":false},"excerpt":{"rendered":"<p>La ville d&rsquo;Evreux avec la Base a\u00e9rienne\u00a0105 a cr\u00e9\u00e9 une exposition digitale sur le th\u00e8me : Evreux &#8211; Terre d&rsquo;a\u00e9ronautique.\u00a0 Cliquez sur ce lien: https:\/\/www.evreux-aeronautique.fr<\/p>\n","protected":false},"author":2,"featured_media":0,"comment_status":"closed","ping_status":"open","sticky":false,"template":"","format":"standard","meta":{"footnotes":""},"categories":[5,6],"tags":[],"class_list":["post-2439","post","type-post","status-publish","format-standard","hentry","category-actualites-haute-normandie","category-nouveautes"],"_links":{"self":[{"href":"https:\/\/ansoraaenormandie.fr\/index.php?rest_route=\/wp\/v2\/posts\/2439","targetHints":{"allow":["GET"]}}],"collection":[{"href":"https:\/\/ansoraaenormandie.fr\/index.php?rest_route=\/wp\/v2\/posts"}],"about":[{"href":"https:\/\/ansoraaenormandie.fr\/index.php?rest_route=\/wp\/v2\/types\/post"}],"author":[{"embeddable":true,"href":"https:\/\/ansoraaenormandie.fr\/index.php?rest_route=\/wp\/v2\/users\/2"}],"replies":[{"embeddable":true,"href":"https:\/\/ansoraaenormandie.fr\/index.php?rest_route=%2Fwp%2Fv2%2Fcomments&post=2439"}],"version-history":[{"count":1,"href":"https:\/\/ansoraaenormandie.fr\/index.php?rest_route=\/wp\/v2\/posts\/2439\/revisions"}],"predecessor-version":[{"id":2440,"href":"https:\/\/ansoraaenormandie.fr\/index.php?rest_route=\/wp\/v2\/posts\/2439\/revisions\/2440"}],"wp:attachment":[{"href":"https:\/\/ansoraaenormandie.fr\/index.php?rest_route=%2Fwp%2Fv2%2Fmedia&parent=2439"}],"wp:term":[{"taxonomy":"category","embeddable":true,"href":"https:\/\/ansoraaenormandie.fr\/index.php?rest_route=%2Fwp%2Fv2%2Fcategories&post=2439"},{"taxonomy":"post_tag","embeddable":true,"href":"https:\/\/ansoraaenormandie.fr\/index.php?rest_route=%2Fwp%2Fv2%2Ftags&post=2439"}],"curies":[{"name":"wp","href":"https:\/\/api.w.org\/{rel}","templated":true}]}}