{"id":3106,"date":"2023-12-22T10:56:29","date_gmt":"2023-12-22T09:56:29","guid":{"rendered":"https:\/\/ansoraaenormandie.fr\/?p=3106"},"modified":"2023-12-23T08:53:33","modified_gmt":"2023-12-23T07:53:33","slug":"hommage-a-un-centenaire-de-la-section-haute-normandie","status":"publish","type":"post","link":"https:\/\/ansoraaenormandie.fr\/?p=3106","title":{"rendered":"Hommage \u00e0 un centenaire de la section Haute-Normandie"},"content":{"rendered":"\n<p>A 100 ans, juif, et r\u00e9sistant, Jean Caillet est mis \u00e0 l&rsquo;honneur par la ville de Dieppe ce dimanche 17 d\u00e9cembre 2023. Fid\u00e8le adh\u00e9rent depuis 2001 \u00e0 notre association, Jean Caillet a d\u00e9sormais, une all\u00e9e portant son nom, face aux Tourelles \u00e0 Dieppe. N\u00e9 le 8 novembre 1923 \u00e0 Amiens, Jean Caillet s&rsquo;est engag\u00e9 dans l&rsquo;arm\u00e9e de l&rsquo;air et de l&rsquo;espace pour combattre les nazis lors de la seconde guerre mondiale. <\/p>\n\n\n\n<p>Apr\u00e8s l&rsquo;appel du g\u00e9n\u00e9ral de Gaulle, il rejoint les forces fran\u00e7aises combattantes en 1942. Juif, il craint pour sa vie. Il va passer clandestinement la fronti\u00e8re espagnole apr\u00e8s la ligne d\u00e9marcation. Sans papier, il sera emprisonn\u00e9 \u00e0 G\u00e9ronne avant de rejoindre Casablanca au Maroc. Engag\u00e9 dans les forces fran\u00e7aises combattantes puis de l&rsquo;arm\u00e9e de l&rsquo;air, il exerce la fonction de m\u00e9canicien \u00e9quipements de bord. Puis il part pour la base militaire d&rsquo;Evington dans le Yorkshire en Angleterre. Il sert au sein d&rsquo;une unit\u00e9 de \u00ab\u00a0Bomber Command\u00a0\u00bb \u00e9quip\u00e9e de bombardiers lourds Halifax de la RAF. Apr\u00e8s la capitulation de l&rsquo;Allemagne, il rejoint la base de Bordeaux-M\u00e9rignac. Il est d\u00e9mobilis\u00e9 en novembre 1945. Il rentre en Normandie, \u00e0 Rouen, o\u00f9 il ne retrouvera ni ses parents, ni ses soeurs. Ils ont \u00e9t\u00e9 d\u00e9port\u00e9s. De m\u00eame que son \u00e9pouse, Huguette L\u00e9vy, a vu dispara\u00eetre son p\u00e8re tantes et beaux-fr\u00e8res. Il s&rsquo;installe \u00e0 Dieppe en 1967. Ensembles, ils ont 3 enfants. <\/p>\n\n\n\n<p>Chevalier de le L\u00e9gion d&rsquo;Honneur, depuis 2015, il est titulaire de La Croix du combattant. Il participe r\u00e9guli\u00e8rement \u00e0 de nombreuses manifestations marquant le souvenir, notamment les Groupes Lourds et l\u2019association Jubil\u00e9e. <\/p>\n\n\n\n<figure class=\"wp-block-image size-large\"><img loading=\"lazy\" decoding=\"async\" width=\"768\" height=\"1024\" src=\"https:\/\/ansoraaenormandie.fr\/wp-content\/uploads\/2023\/12\/20231217_111222-768x1024.jpg\" alt=\"\" class=\"wp-image-3108\" srcset=\"https:\/\/ansoraaenormandie.fr\/wp-content\/uploads\/2023\/12\/20231217_111222-768x1024.jpg 768w, https:\/\/ansoraaenormandie.fr\/wp-content\/uploads\/2023\/12\/20231217_111222-225x300.jpg 225w, https:\/\/ansoraaenormandie.fr\/wp-content\/uploads\/2023\/12\/20231217_111222-1152x1536.jpg 1152w, https:\/\/ansoraaenormandie.fr\/wp-content\/uploads\/2023\/12\/20231217_111222-1536x2048.jpg 1536w, https:\/\/ansoraaenormandie.fr\/wp-content\/uploads\/2023\/12\/20231217_111222-scaled.jpg 1920w\" sizes=\"auto, (max-width: 768px) 100vw, 768px\" \/><\/figure>\n\n\n\n<figure class=\"wp-block-gallery has-nested-images columns-default is-cropped wp-block-gallery-1 is-layout-flex wp-block-gallery-is-layout-flex\">\n<figure class=\"wp-block-image size-large\"><img loading=\"lazy\" decoding=\"async\" width=\"768\" height=\"1024\" data-id=\"3109\" src=\"https:\/\/ansoraaenormandie.fr\/wp-content\/uploads\/2023\/12\/20231217_111213-768x1024.jpg\" alt=\"\" class=\"wp-image-3109\" srcset=\"https:\/\/ansoraaenormandie.fr\/wp-content\/uploads\/2023\/12\/20231217_111213-768x1024.jpg 768w, https:\/\/ansoraaenormandie.fr\/wp-content\/uploads\/2023\/12\/20231217_111213-225x300.jpg 225w, https:\/\/ansoraaenormandie.fr\/wp-content\/uploads\/2023\/12\/20231217_111213-1152x1536.jpg 1152w, https:\/\/ansoraaenormandie.fr\/wp-content\/uploads\/2023\/12\/20231217_111213-1536x2048.jpg 1536w, https:\/\/ansoraaenormandie.fr\/wp-content\/uploads\/2023\/12\/20231217_111213-scaled.jpg 1920w\" sizes=\"auto, (max-width: 768px) 100vw, 768px\" \/><\/figure>\n<\/figure>\n\n\n\n<figure class=\"wp-block-image size-large\"><img loading=\"lazy\" decoding=\"async\" width=\"1024\" height=\"683\" src=\"https:\/\/ansoraaenormandie.fr\/wp-content\/uploads\/2023\/12\/R3L_7696-1024x683.jpg\" alt=\"\" class=\"wp-image-3120\" srcset=\"https:\/\/ansoraaenormandie.fr\/wp-content\/uploads\/2023\/12\/R3L_7696-1024x683.jpg 1024w, https:\/\/ansoraaenormandie.fr\/wp-content\/uploads\/2023\/12\/R3L_7696-300x200.jpg 300w, https:\/\/ansoraaenormandie.fr\/wp-content\/uploads\/2023\/12\/R3L_7696-768x512.jpg 768w, https:\/\/ansoraaenormandie.fr\/wp-content\/uploads\/2023\/12\/R3L_7696-1536x1024.jpg 1536w, https:\/\/ansoraaenormandie.fr\/wp-content\/uploads\/2023\/12\/R3L_7696-2048x1365.jpg 2048w\" sizes=\"auto, (max-width: 1024px) 100vw, 1024px\" \/><\/figure>\n\n\n\n<figure class=\"wp-block-image size-large\"><img loading=\"lazy\" decoding=\"async\" width=\"1024\" height=\"683\" src=\"https:\/\/ansoraaenormandie.fr\/wp-content\/uploads\/2023\/12\/R3L_7705-1024x683.jpg\" alt=\"\" class=\"wp-image-3121\" srcset=\"https:\/\/ansoraaenormandie.fr\/wp-content\/uploads\/2023\/12\/R3L_7705-1024x683.jpg 1024w, https:\/\/ansoraaenormandie.fr\/wp-content\/uploads\/2023\/12\/R3L_7705-300x200.jpg 300w, https:\/\/ansoraaenormandie.fr\/wp-content\/uploads\/2023\/12\/R3L_7705-768x512.jpg 768w, https:\/\/ansoraaenormandie.fr\/wp-content\/uploads\/2023\/12\/R3L_7705-1536x1024.jpg 1536w, https:\/\/ansoraaenormandie.fr\/wp-content\/uploads\/2023\/12\/R3L_7705-2048x1365.jpg 2048w\" sizes=\"auto, (max-width: 1024px) 100vw, 1024px\" \/><\/figure>\n\n\n\n<figure class=\"wp-block-image size-large\"><img loading=\"lazy\" decoding=\"async\" width=\"1024\" height=\"683\" src=\"https:\/\/ansoraaenormandie.fr\/wp-content\/uploads\/2023\/12\/R2L_9098-1024x683.jpg\" alt=\"\" class=\"wp-image-3123\" srcset=\"https:\/\/ansoraaenormandie.fr\/wp-content\/uploads\/2023\/12\/R2L_9098-1024x683.jpg 1024w, https:\/\/ansoraaenormandie.fr\/wp-content\/uploads\/2023\/12\/R2L_9098-300x200.jpg 300w, https:\/\/ansoraaenormandie.fr\/wp-content\/uploads\/2023\/12\/R2L_9098-768x512.jpg 768w, https:\/\/ansoraaenormandie.fr\/wp-content\/uploads\/2023\/12\/R2L_9098-1536x1024.jpg 1536w, https:\/\/ansoraaenormandie.fr\/wp-content\/uploads\/2023\/12\/R2L_9098-2048x1365.jpg 2048w\" sizes=\"auto, (max-width: 1024px) 100vw, 1024px\" \/><\/figure>\n\n\n\n<figure class=\"wp-block-image size-large\"><img loading=\"lazy\" decoding=\"async\" width=\"768\" height=\"1024\" src=\"https:\/\/ansoraaenormandie.fr\/wp-content\/uploads\/2023\/12\/20231217_113709-768x1024.jpg\" alt=\"\" class=\"wp-image-3113\" srcset=\"https:\/\/ansoraaenormandie.fr\/wp-content\/uploads\/2023\/12\/20231217_113709-768x1024.jpg 768w, https:\/\/ansoraaenormandie.fr\/wp-content\/uploads\/2023\/12\/20231217_113709-225x300.jpg 225w, https:\/\/ansoraaenormandie.fr\/wp-content\/uploads\/2023\/12\/20231217_113709-1152x1536.jpg 1152w, https:\/\/ansoraaenormandie.fr\/wp-content\/uploads\/2023\/12\/20231217_113709-1536x2048.jpg 1536w, https:\/\/ansoraaenormandie.fr\/wp-content\/uploads\/2023\/12\/20231217_113709-scaled.jpg 1920w\" sizes=\"auto, (max-width: 768px) 100vw, 768px\" \/><\/figure>\n\n\n\n<figure class=\"wp-block-gallery has-nested-images columns-default is-cropped wp-block-gallery-2 is-layout-flex wp-block-gallery-is-layout-flex\">\n<figure class=\"wp-block-image size-large\"><img loading=\"lazy\" decoding=\"async\" width=\"768\" height=\"1024\" data-id=\"3114\" src=\"https:\/\/ansoraaenormandie.fr\/wp-content\/uploads\/2023\/12\/20231217_115027-768x1024.jpg\" alt=\"\" class=\"wp-image-3114\" srcset=\"https:\/\/ansoraaenormandie.fr\/wp-content\/uploads\/2023\/12\/20231217_115027-768x1024.jpg 768w, https:\/\/ansoraaenormandie.fr\/wp-content\/uploads\/2023\/12\/20231217_115027-225x300.jpg 225w, https:\/\/ansoraaenormandie.fr\/wp-content\/uploads\/2023\/12\/20231217_115027-1152x1536.jpg 1152w, https:\/\/ansoraaenormandie.fr\/wp-content\/uploads\/2023\/12\/20231217_115027-1536x2048.jpg 1536w, https:\/\/ansoraaenormandie.fr\/wp-content\/uploads\/2023\/12\/20231217_115027-scaled.jpg 1920w\" sizes=\"auto, (max-width: 768px) 100vw, 768px\" \/><\/figure>\n<\/figure>\n\n\n\n<figure class=\"wp-block-gallery has-nested-images columns-default is-cropped wp-block-gallery-3 is-layout-flex wp-block-gallery-is-layout-flex\">\n<figure class=\"wp-block-image size-large\"><img loading=\"lazy\" decoding=\"async\" width=\"768\" height=\"1024\" data-id=\"3115\" src=\"https:\/\/ansoraaenormandie.fr\/wp-content\/uploads\/2023\/12\/20231217_115541-768x1024.jpg\" alt=\"\" class=\"wp-image-3115\" srcset=\"https:\/\/ansoraaenormandie.fr\/wp-content\/uploads\/2023\/12\/20231217_115541-768x1024.jpg 768w, https:\/\/ansoraaenormandie.fr\/wp-content\/uploads\/2023\/12\/20231217_115541-225x300.jpg 225w, https:\/\/ansoraaenormandie.fr\/wp-content\/uploads\/2023\/12\/20231217_115541-1152x1536.jpg 1152w, https:\/\/ansoraaenormandie.fr\/wp-content\/uploads\/2023\/12\/20231217_115541-1536x2048.jpg 1536w, https:\/\/ansoraaenormandie.fr\/wp-content\/uploads\/2023\/12\/20231217_115541-scaled.jpg 1920w\" sizes=\"auto, (max-width: 768px) 100vw, 768px\" \/><\/figure>\n<\/figure>\n\n\n\n\n\n\n\n\n\n\n","protected":false},"excerpt":{"rendered":"<p>A 100 ans, juif, et r\u00e9sistant, Jean Caillet est mis \u00e0 l&rsquo;honneur par la ville de Dieppe ce dimanche 17 d\u00e9cembre 2023. Fid\u00e8le adh\u00e9rent depuis 2001 \u00e0 notre association, Jean Caillet a d\u00e9sormais, une all\u00e9e portant son nom, face aux Tourelles \u00e0 Dieppe. N\u00e9 le 8 novembre 1923 \u00e0 Amiens, Jean Caillet s&rsquo;est engag\u00e9 dans l&rsquo;arm\u00e9e de l&rsquo;air et de<\/p>\n","protected":false},"author":2,"featured_media":3115,"comment_status":"open","ping_status":"open","sticky":true,"template":"","format":"standard","meta":{"footnotes":""},"categories":[5,8],"tags":[],"class_list":["post-3106","post","type-post","status-publish","format-standard","has-post-thumbnail","hentry","category-actualites-haute-normandie","category-agenda"],"_links":{"self":[{"href":"https:\/\/ansoraaenormandie.fr\/index.php?rest_route=\/wp\/v2\/posts\/3106","targetHints":{"allow":["GET"]}}],"collection":[{"href":"https:\/\/ansoraaenormandie.fr\/index.php?rest_route=\/wp\/v2\/posts"}],"about":[{"href":"https:\/\/ansoraaenormandie.fr\/index.php?rest_route=\/wp\/v2\/types\/post"}],"author":[{"embeddable":true,"href":"https:\/\/ansoraaenormandie.fr\/index.php?rest_route=\/wp\/v2\/users\/2"}],"replies":[{"embeddable":true,"href":"https:\/\/ansoraaenormandie.fr\/index.php?rest_route=%2Fwp%2Fv2%2Fcomments&post=3106"}],"version-history":[{"count":5,"href":"https:\/\/ansoraaenormandie.fr\/index.php?rest_route=\/wp\/v2\/posts\/3106\/revisions"}],"predecessor-version":[{"id":3124,"href":"https:\/\/ansoraaenormandie.fr\/index.php?rest_route=\/wp\/v2\/posts\/3106\/revisions\/3124"}],"wp:featuredmedia":[{"embeddable":true,"href":"https:\/\/ansoraaenormandie.fr\/index.php?rest_route=\/wp\/v2\/media\/3115"}],"wp:attachment":[{"href":"https:\/\/ansoraaenormandie.fr\/index.php?rest_route=%2Fwp%2Fv2%2Fmedia&parent=3106"}],"wp:term":[{"taxonomy":"category","embeddable":true,"href":"https:\/\/ansoraaenormandie.fr\/index.php?rest_route=%2Fwp%2Fv2%2Fcategories&post=3106"},{"taxonomy":"post_tag","embeddable":true,"href":"https:\/\/ansoraaenormandie.fr\/index.php?rest_route=%2Fwp%2Fv2%2Ftags&post=3106"}],"curies":[{"name":"wp","href":"https:\/\/api.w.org\/{rel}","templated":true}]}}