{"id":4289,"date":"2026-08-30T17:23:42","date_gmt":"2026-08-30T15:23:42","guid":{"rendered":"https:\/\/ansoraaenormandie.fr\/?p=4289"},"modified":"2026-08-30T17:23:42","modified_gmt":"2026-08-30T15:23:42","slug":"ceremonie-en-memoire-de-loperation-jubilee-de-dieppe-le-19-aout-1942","status":"publish","type":"post","link":"https:\/\/ansoraaenormandie.fr\/?p=4289","title":{"rendered":"C\u00e9r\u00e9monie en m\u00e9moire de l&rsquo;op\u00e9ration Jubil\u00e9e de Dieppe le 19 aout 1942"},"content":{"rendered":"\n<p class=\"wp-block-paragraph\">Sous un temps un peu plus cl\u00e9ment que ces derniers jours de canicule, le colonel Rapha\u00ebl Briant commandant la base 105 accompagn\u00e9 d&rsquo;une d\u00e9l\u00e9gation de la section Haute-Normandie repr\u00e9sentaient l&rsquo;arm\u00e9e de l&rsquo;air et de l&rsquo;espace, ce mercredi 19 ao\u00fbt \u00e0 Dieppe. La participation de jeune EAJ de la base 105 a \u00e9t\u00e9 tr\u00e8s appr\u00e9ci\u00e9e.<\/p>\n\n\n\n<p class=\"wp-block-paragraph\"><\/p>\n\n\n\n<figure class=\"wp-block-image\"><img loading=\"lazy\" decoding=\"async\" width=\"2560\" height=\"1707\" src=\"https:\/\/ansoraaenormandie.fr\/wp-content\/uploads\/2026\/08\/Jubilee2026-scaled.jpg\" alt=\"\" class=\"wp-image-4290\" srcset=\"https:\/\/ansoraaenormandie.fr\/wp-content\/uploads\/2026\/08\/Jubilee2026-scaled.jpg 2560w, https:\/\/ansoraaenormandie.fr\/wp-content\/uploads\/2026\/08\/Jubilee2026-300x200.jpg 300w, https:\/\/ansoraaenormandie.fr\/wp-content\/uploads\/2026\/08\/Jubilee2026-1024x683.jpg 1024w, https:\/\/ansoraaenormandie.fr\/wp-content\/uploads\/2026\/08\/Jubilee2026-768x512.jpg 768w, https:\/\/ansoraaenormandie.fr\/wp-content\/uploads\/2026\/08\/Jubilee2026-1536x1024.jpg 1536w, https:\/\/ansoraaenormandie.fr\/wp-content\/uploads\/2026\/08\/Jubilee2026-2048x1365.jpg 2048w\" sizes=\"auto, (max-width: 2560px) 100vw, 2560px\" \/><\/figure>\n\n\n\n<figure class=\"wp-block-image\"><img loading=\"lazy\" decoding=\"async\" width=\"2560\" height=\"1707\" src=\"https:\/\/ansoraaenormandie.fr\/wp-content\/uploads\/2026\/08\/Jubilee2026-2-scaled.jpg\" alt=\"\" class=\"wp-image-4291\" srcset=\"https:\/\/ansoraaenormandie.fr\/wp-content\/uploads\/2026\/08\/Jubilee2026-2-scaled.jpg 2560w, https:\/\/ansoraaenormandie.fr\/wp-content\/uploads\/2026\/08\/Jubilee2026-2-300x200.jpg 300w, https:\/\/ansoraaenormandie.fr\/wp-content\/uploads\/2026\/08\/Jubilee2026-2-1024x683.jpg 1024w, https:\/\/ansoraaenormandie.fr\/wp-content\/uploads\/2026\/08\/Jubilee2026-2-768x512.jpg 768w, https:\/\/ansoraaenormandie.fr\/wp-content\/uploads\/2026\/08\/Jubilee2026-2-1536x1024.jpg 1536w\" sizes=\"auto, (max-width: 2560px) 100vw, 2560px\" \/><\/figure>\n\n\n\n<figure class=\"wp-block-image\"><img loading=\"lazy\" decoding=\"async\" width=\"2560\" height=\"1183\" src=\"https:\/\/ansoraaenormandie.fr\/wp-content\/uploads\/2026\/08\/AerodromeDieppe-scaled.jpg\" alt=\"\" class=\"wp-image-4292\" srcset=\"https:\/\/ansoraaenormandie.fr\/wp-content\/uploads\/2026\/08\/AerodromeDieppe-scaled.jpg 2560w, https:\/\/ansoraaenormandie.fr\/wp-content\/uploads\/2026\/08\/AerodromeDieppe-300x139.jpg 300w, https:\/\/ansoraaenormandie.fr\/wp-content\/uploads\/2026\/08\/AerodromeDieppe-1024x473.jpg 1024w, https:\/\/ansoraaenormandie.fr\/wp-content\/uploads\/2026\/08\/AerodromeDieppe-768x355.jpg 768w, https:\/\/ansoraaenormandie.fr\/wp-content\/uploads\/2026\/08\/AerodromeDieppe-1536x710.jpg 1536w, https:\/\/ansoraaenormandie.fr\/wp-content\/uploads\/2026\/08\/AerodromeDieppe-2048x946.jpg 2048w\" sizes=\"auto, (max-width: 2560px) 100vw, 2560px\" \/><\/figure>\n\n\n\n<figure class=\"wp-block-image\"><img loading=\"lazy\" decoding=\"async\" width=\"2000\" height=\"1500\" src=\"https:\/\/ansoraaenormandie.fr\/wp-content\/uploads\/2026\/08\/CiemetieredesvertusDieppe.jpg\" alt=\"\" class=\"wp-image-4293\" srcset=\"https:\/\/ansoraaenormandie.fr\/wp-content\/uploads\/2026\/08\/CiemetieredesvertusDieppe.jpg 2000w, https:\/\/ansoraaenormandie.fr\/wp-content\/uploads\/2026\/08\/CiemetieredesvertusDieppe-300x225.jpg 300w, https:\/\/ansoraaenormandie.fr\/wp-content\/uploads\/2026\/08\/CiemetieredesvertusDieppe-1024x768.jpg 1024w, https:\/\/ansoraaenormandie.fr\/wp-content\/uploads\/2026\/08\/CiemetieredesvertusDieppe-768x576.jpg 768w, https:\/\/ansoraaenormandie.fr\/wp-content\/uploads\/2026\/08\/CiemetieredesvertusDieppe-1536x1152.jpg 1536w\" sizes=\"auto, (max-width: 2000px) 100vw, 2000px\" \/><\/figure>\n\n\n\n<p class=\"wp-block-paragraph\"><\/p>\n","protected":false},"excerpt":{"rendered":"<p>Sous un temps un peu plus cl\u00e9ment que ces derniers jours de canicule, le colonel Rapha\u00ebl Briant commandant la base 105 accompagn\u00e9 d&rsquo;une d\u00e9l\u00e9gation de la section Haute-Normandie repr\u00e9sentaient l&rsquo;arm\u00e9e de l&rsquo;air et de l&rsquo;espace, ce mercredi 19 ao\u00fbt \u00e0 Dieppe. La participation de jeune EAJ de la base 105 a \u00e9t\u00e9 tr\u00e8s appr\u00e9ci\u00e9e.<\/p>\n","protected":false},"author":2,"featured_media":0,"comment_status":"open","ping_status":"open","sticky":true,"template":"","format":"standard","meta":{"footnotes":""},"categories":[5,8],"tags":[],"class_list":["post-4289","post","type-post","status-publish","format-standard","hentry","category-actualites-haute-normandie","category-agenda"],"_links":{"self":[{"href":"https:\/\/ansoraaenormandie.fr\/index.php?rest_route=\/wp\/v2\/posts\/4289","targetHints":{"allow":["GET"]}}],"collection":[{"href":"https:\/\/ansoraaenormandie.fr\/index.php?rest_route=\/wp\/v2\/posts"}],"about":[{"href":"https:\/\/ansoraaenormandie.fr\/index.php?rest_route=\/wp\/v2\/types\/post"}],"author":[{"embeddable":true,"href":"https:\/\/ansoraaenormandie.fr\/index.php?rest_route=\/wp\/v2\/users\/2"}],"replies":[{"embeddable":true,"href":"https:\/\/ansoraaenormandie.fr\/index.php?rest_route=%2Fwp%2Fv2%2Fcomments&post=4289"}],"version-history":[{"count":1,"href":"https:\/\/ansoraaenormandie.fr\/index.php?rest_route=\/wp\/v2\/posts\/4289\/revisions"}],"predecessor-version":[{"id":4294,"href":"https:\/\/ansoraaenormandie.fr\/index.php?rest_route=\/wp\/v2\/posts\/4289\/revisions\/4294"}],"wp:attachment":[{"href":"https:\/\/ansoraaenormandie.fr\/index.php?rest_route=%2Fwp%2Fv2%2Fmedia&parent=4289"}],"wp:term":[{"taxonomy":"category","embeddable":true,"href":"https:\/\/ansoraaenormandie.fr\/index.php?rest_route=%2Fwp%2Fv2%2Fcategories&post=4289"},{"taxonomy":"post_tag","embeddable":true,"href":"https:\/\/ansoraaenormandie.fr\/index.php?rest_route=%2Fwp%2Fv2%2Ftags&post=4289"}],"curies":[{"name":"wp","href":"https:\/\/api.w.org\/{rel}","templated":true}]}}